{"id":94,"date":"2013-12-18T09:23:02","date_gmt":"2013-12-18T08:23:02","guid":{"rendered":"http:\/\/sophia.patenkinder-matara.de\/?p=94"},"modified":"2013-12-18T09:23:02","modified_gmt":"2013-12-18T08:23:02","slug":"buecherei-bilder","status":"publish","type":"post","link":"https:\/\/sophia.patenkinder-matara.de\/?p=94","title":{"rendered":"B\u00fccherei Bilder"},"content":{"rendered":"<p>Hier nun endlich ein paar Bilder von den neuen B\u00fcchern. Wir haben es endlich geschafft ein Regal anzuschaffen. Das war schwerer als gedacht, da man hier nicht einfach zu IKEA gehen kann und sich eins zum selbst aufbauen mitnehmen kann. Nach 3 st\u00fcndiger Suche hatten wir endlich ein einigerma\u00dfen passendes Regal gefunden, dass dann aber leider nicht mehr verf\u00fcgbar war. Letztendlich haben wir uns dann f\u00fcr ein Modell ohne T\u00fcren entschieden. Das wurde dann sofort mit einem Pick-up zum Tempel transportiert und aufgestellt.<\/p>\n<p>Hier die Bilder<\/p>\n<p><a href=\"http:\/\/sophia.patenkinder-matara.de\/wp-content\/uploads\/2013\/12\/DSC08112.jpg\"><img loading=\"lazy\" decoding=\"async\" class=\"alignnone size-medium wp-image-97\" alt=\"DSC08112\" src=\"http:\/\/sophia.patenkinder-matara.de\/wp-content\/uploads\/2013\/12\/DSC08112-300x225.jpg\" width=\"300\" height=\"225\" srcset=\"https:\/\/sophia.patenkinder-matara.de\/wp-content\/uploads\/2013\/12\/DSC08112-300x225.jpg 300w, https:\/\/sophia.patenkinder-matara.de\/wp-content\/uploads\/2013\/12\/DSC08112-1024x768.jpg 1024w\" sizes=\"auto, (max-width: 300px) 100vw, 300px\" \/><\/a><a href=\"http:\/\/sophia.patenkinder-matara.de\/wp-content\/uploads\/2013\/12\/DSC08097.jpg\"><img loading=\"lazy\" decoding=\"async\" class=\"alignnone size-medium wp-image-99\" alt=\"DSC08097\" src=\"http:\/\/sophia.patenkinder-matara.de\/wp-content\/uploads\/2013\/12\/DSC08097-300x225.jpg\" width=\"300\" height=\"225\" srcset=\"https:\/\/sophia.patenkinder-matara.de\/wp-content\/uploads\/2013\/12\/DSC08097-300x225.jpg 300w, https:\/\/sophia.patenkinder-matara.de\/wp-content\/uploads\/2013\/12\/DSC08097-1024x768.jpg 1024w\" sizes=\"auto, (max-width: 300px) 100vw, 300px\" \/><\/a><\/p>\n<p><a href=\"http:\/\/sophia.patenkinder-matara.de\/wp-content\/uploads\/2013\/12\/DSC08562.jpg\"><img loading=\"lazy\" decoding=\"async\" class=\"alignnone size-medium wp-image-98\" alt=\"DSC08562\" src=\"http:\/\/sophia.patenkinder-matara.de\/wp-content\/uploads\/2013\/12\/DSC08562-225x300.jpg\" width=\"225\" height=\"300\" srcset=\"https:\/\/sophia.patenkinder-matara.de\/wp-content\/uploads\/2013\/12\/DSC08562-225x300.jpg 225w, https:\/\/sophia.patenkinder-matara.de\/wp-content\/uploads\/2013\/12\/DSC08562-768x1024.jpg 768w\" sizes=\"auto, (max-width: 225px) 100vw, 225px\" \/><\/a><\/p>\n<p>Insgesamt haben wir 203 B\u00fccher gekauft. Auf den Bildern sind viele der B\u00fccher schon ausgeliehen. Die Kinder kommen in ihrer freien Zeit zur Schule um B\u00fccher auszuleihen.:)<\/p>\n","protected":false},"excerpt":{"rendered":"<p>Hier nun endlich ein paar Bilder von den neuen B\u00fcchern. Wir haben es endlich geschafft ein Regal anzuschaffen. Das war schwerer als gedacht, da man hier nicht einfach zu IKEA gehen kann und sich eins zum selbst aufbauen mitnehmen kann. &hellip; <a href=\"https:\/\/sophia.patenkinder-matara.de\/?p=94\">Weiterlesen <span class=\"meta-nav\">&rarr;<\/span><\/a><\/p>\n","protected":false},"author":2,"featured_media":0,"comment_status":"open","ping_status":"open","sticky":false,"template":"","format":"standard","meta":{"footnotes":""},"categories":[1],"tags":[],"class_list":["post-94","post","type-post","status-publish","format-standard","hentry","category-allgemein"],"_links":{"self":[{"href":"https:\/\/sophia.patenkinder-matara.de\/index.php?rest_route=\/wp\/v2\/posts\/94","targetHints":{"allow":["GET"]}}],"collection":[{"href":"https:\/\/sophia.patenkinder-matara.de\/index.php?rest_route=\/wp\/v2\/posts"}],"about":[{"href":"https:\/\/sophia.patenkinder-matara.de\/index.php?rest_route=\/wp\/v2\/types\/post"}],"author":[{"embeddable":true,"href":"https:\/\/sophia.patenkinder-matara.de\/index.php?rest_route=\/wp\/v2\/users\/2"}],"replies":[{"embeddable":true,"href":"https:\/\/sophia.patenkinder-matara.de\/index.php?rest_route=%2Fwp%2Fv2%2Fcomments&post=94"}],"version-history":[{"count":1,"href":"https:\/\/sophia.patenkinder-matara.de\/index.php?rest_route=\/wp\/v2\/posts\/94\/revisions"}],"predecessor-version":[{"id":100,"href":"https:\/\/sophia.patenkinder-matara.de\/index.php?rest_route=\/wp\/v2\/posts\/94\/revisions\/100"}],"wp:attachment":[{"href":"https:\/\/sophia.patenkinder-matara.de\/index.php?rest_route=%2Fwp%2Fv2%2Fmedia&parent=94"}],"wp:term":[{"taxonomy":"category","embeddable":true,"href":"https:\/\/sophia.patenkinder-matara.de\/index.php?rest_route=%2Fwp%2Fv2%2Fcategories&post=94"},{"taxonomy":"post_tag","embeddable":true,"href":"https:\/\/sophia.patenkinder-matara.de\/index.php?rest_route=%2Fwp%2Fv2%2Ftags&post=94"}],"curies":[{"name":"wp","href":"https:\/\/api.w.org\/{rel}","templated":true}]}}